{"id":6101,"date":"2023-03-10T12:23:50","date_gmt":"2023-03-10T11:23:50","guid":{"rendered":"https:\/\/www.rallybarcelonasitges.com\/?p=6101"},"modified":"2023-03-10T12:33:42","modified_gmt":"2023-03-10T11:33:42","slug":"el-rally-barcelona-sitges-2023-engega-aquest-cap-de-setmana","status":"publish","type":"post","link":"https:\/\/www.rallybarcelonasitges.com\/fr\/2023\/03\/10\/el-rally-barcelona-sitges-2023-engega-aquest-cap-de-setmana\/","title":{"rendered":"El Rally Barcelona-Sitges 2023 engega aquest cap de setmana"},"content":{"rendered":"\n<p>Foment de Sitges, en col\u00b7laboraci\u00f3 amb l\u2019Ajuntament de Sitges i l\u2019Ajuntament de Barcelona, \u200b\u200bja t\u00e9 ultimats tots els detalls per celebrar la 65a edici\u00f3 del Ral\u00b7li Internacional de Cotxes d\u2019\u00c8poca Barcelona-Sitges, el proper dissabte 11 i diumenge 12 de mar\u00e7.<\/p>\n<p>La prova, declarada Festa d\u00b4Inter\u00e8s Tur\u00edstic Nacional, es distingir\u00e0 un any m\u00e9s per acollir una \u00e0mplia inscripci\u00f3 de vehicles d\u00b4\u00e8poca, que passaran les verificacions pertinents dissabte al mat\u00ed, davant del Centre Comercial L\u2019illa Diagonal de Barcelona.<\/p>\n<p>En total, 77 autom\u00f2bils fabricats fins el 1928 -entre cotxes i camions- i 12 motocicletes produ\u00efdes fins al 1938 hauran de passar el control del jurat, format per quatre especialistes en vehicles hist\u00f2rics. Ells s\u2019encarregaran d\u2019avaluar l\u2019estat de manteniment de cada unitat, per determinar els que podran prendre la sortida diumenge al mat\u00ed des de la pla\u00e7a Sant Jaume de Barcelona.<\/p>\n<p><a href=\"https:\/\/www.rallybarcelonasitges.com\/wp-content\/uploads\/2023\/03\/rally-barcelona-sitges-2022-domingo-787.jpg\"><img loading=\"lazy\" decoding=\"async\" class=\"aligncenter size-large wp-image-6108\" src=\"https:\/\/www.rallybarcelonasitges.com\/wp-content\/uploads\/2023\/03\/rally-barcelona-sitges-2022-domingo-787-1024x683.jpg\" alt=\"\" width=\"640\" height=\"427\" srcset=\"https:\/\/www.rallybarcelonasitges.com\/wp-content\/uploads\/2023\/03\/rally-barcelona-sitges-2022-domingo-787-1024x683.jpg 1024w, https:\/\/www.rallybarcelonasitges.com\/wp-content\/uploads\/2023\/03\/rally-barcelona-sitges-2022-domingo-787-600x400.jpg 600w, https:\/\/www.rallybarcelonasitges.com\/wp-content\/uploads\/2023\/03\/rally-barcelona-sitges-2022-domingo-787-300x200.jpg 300w, https:\/\/www.rallybarcelonasitges.com\/wp-content\/uploads\/2023\/03\/rally-barcelona-sitges-2022-domingo-787-768x512.jpg 768w, https:\/\/www.rallybarcelonasitges.com\/wp-content\/uploads\/2023\/03\/rally-barcelona-sitges-2022-domingo-787-240x160.jpg 240w, https:\/\/www.rallybarcelonasitges.com\/wp-content\/uploads\/2023\/03\/rally-barcelona-sitges-2022-domingo-787-750x500.jpg 750w, https:\/\/www.rallybarcelonasitges.com\/wp-content\/uploads\/2023\/03\/rally-barcelona-sitges-2022-domingo-787.jpg 1500w\" sizes=\"auto, (max-width: 640px) 100vw, 640px\" \/><\/a><\/p>\n<p>Tamb\u00e9 analitzaran amb detall la qualitat dels treballs de restauraci\u00f3, per decidir els guanyadors de cadascuna de les cinc categories d\u2019autom\u00f2bils, distribu\u00efts per any de fabricaci\u00f3: Grup I (fins al 1908), Grup II (de 1909 a 1914), Grup III (de 1915 a 1920), Grup IV (de 1921 a 1924) i Grup V (de 1925 a 1928). Les motos s\u2019engloben en una \u00fanica categoria pr\u00f2pia.<\/p>\n<p>Entre tots els vehicles inscrits, destaquen especialment dos produ\u00efts el 1898: un Decauville Voiturelle, que vindr\u00e0 des de Brussel\u00b7les (B\u00e8lgica), i un Fisson Tonneau 8HP 3L. A m\u00e9s de B\u00e8lgica, aquest any el Ral\u00b7li rebr\u00e0 participants de Fran\u00e7a, It\u00e0lia i Regne Unit, confirmant una vegada m\u00e9s el car\u00e0cter i la repercussi\u00f3 internacionals de la cita. Pel que fa als inscrits nacionals, a m\u00e9s dels nombrosos cotxes establerts a Catalunya la prova comptar\u00e0 amb participants d\u2019Andalusia, Castella i Lle\u00f3, el Pa\u00eds Valenci\u00e0, La Rioja, Madrid i el Pa\u00eds Basc.<\/p>\n<p><a href=\"https:\/\/www.rallybarcelonasitges.com\/wp-content\/uploads\/2023\/03\/rally-barcelona-sitges-2022-domingo-484.jpg\"><img loading=\"lazy\" decoding=\"async\" class=\"aligncenter size-large wp-image-6105\" src=\"https:\/\/www.rallybarcelonasitges.com\/wp-content\/uploads\/2023\/03\/rally-barcelona-sitges-2022-domingo-484-1024x683.jpg\" alt=\"\" width=\"640\" height=\"427\" srcset=\"https:\/\/www.rallybarcelonasitges.com\/wp-content\/uploads\/2023\/03\/rally-barcelona-sitges-2022-domingo-484-1024x683.jpg 1024w, https:\/\/www.rallybarcelonasitges.com\/wp-content\/uploads\/2023\/03\/rally-barcelona-sitges-2022-domingo-484-600x400.jpg 600w, https:\/\/www.rallybarcelonasitges.com\/wp-content\/uploads\/2023\/03\/rally-barcelona-sitges-2022-domingo-484-300x200.jpg 300w, https:\/\/www.rallybarcelonasitges.com\/wp-content\/uploads\/2023\/03\/rally-barcelona-sitges-2022-domingo-484-768x512.jpg 768w, https:\/\/www.rallybarcelonasitges.com\/wp-content\/uploads\/2023\/03\/rally-barcelona-sitges-2022-domingo-484-240x160.jpg 240w, https:\/\/www.rallybarcelonasitges.com\/wp-content\/uploads\/2023\/03\/rally-barcelona-sitges-2022-domingo-484-750x500.jpg 750w, https:\/\/www.rallybarcelonasitges.com\/wp-content\/uploads\/2023\/03\/rally-barcelona-sitges-2022-domingo-484.jpg 1500w\" sizes=\"auto, (max-width: 640px) 100vw, 640px\" \/><\/a><\/p>\n<p><strong>Una ruta directa de Sant Jaume a La Fragata<\/strong><\/p>\n<p>Diumenge a partir de les 8:30 del mat\u00ed la pla\u00e7a Sant Jaume de Barcelona comen\u00e7ar\u00e0 a rebre els vehicles participants. Els seus ocupants hauran d&rsquo;anar vestits obligat\u00f2riament amb roba d&rsquo;acord amb l&rsquo;\u00e8poca del vehicle. Molts hauran tret profit de l&rsquo;assessorament dels especialistes de Menkes, amb l&rsquo;objectiu d&rsquo;aconseguir el preuat Premi a l&rsquo;Eleg\u00e0ncia.<\/p>\n<p><a href=\"https:\/\/www.rallybarcelonasitges.com\/wp-content\/uploads\/2023\/03\/rally-barcelona-sitges-elegancia.jpeg\"><img loading=\"lazy\" decoding=\"async\" class=\"aligncenter size-full wp-image-6111\" src=\"https:\/\/www.rallybarcelonasitges.com\/wp-content\/uploads\/2023\/03\/rally-barcelona-sitges-elegancia.jpeg\" alt=\"\" width=\"800\" height=\"533\" srcset=\"https:\/\/www.rallybarcelonasitges.com\/wp-content\/uploads\/2023\/03\/rally-barcelona-sitges-elegancia.jpeg 800w, https:\/\/www.rallybarcelonasitges.com\/wp-content\/uploads\/2023\/03\/rally-barcelona-sitges-elegancia-600x400.jpeg 600w, https:\/\/www.rallybarcelonasitges.com\/wp-content\/uploads\/2023\/03\/rally-barcelona-sitges-elegancia-300x200.jpeg 300w, https:\/\/www.rallybarcelonasitges.com\/wp-content\/uploads\/2023\/03\/rally-barcelona-sitges-elegancia-768x512.jpeg 768w, https:\/\/www.rallybarcelonasitges.com\/wp-content\/uploads\/2023\/03\/rally-barcelona-sitges-elegancia-240x160.jpeg 240w, https:\/\/www.rallybarcelonasitges.com\/wp-content\/uploads\/2023\/03\/rally-barcelona-sitges-elegancia-750x500.jpeg 750w\" sizes=\"auto, (max-width: 800px) 100vw, 800px\" \/><\/a><\/p>\n<p>La sortida del Ral\u00b7li es donar\u00e0 el diumenge a les 10.30 h des de la Pla\u00e7a Sant Jaume de Barcelona, \u200b\u200bamb l\u2019itinerari seg\u00fcent:<\/p>\n<p>Pla\u00e7a Sant Jaume \u2013 Ferran \u2013 Rambles \u2013 Pla\u00e7a Catalunya \u2013 Ronda Universitat \u2013 Ronda Sant Antoni \u2013 Sep\u00falveda \u2013 Paral\u00b7lel \u2013 Pla\u00e7a Espanya \u2013 Gran Via \u2013 Juncosa \u2013 Constituci\u00f3, cap a L\u2019Hospitalet de Llobregat (Santa Eul\u00e0lia \u2013 Enric Prat de la Riba \u2013 Barcelona), Cornell\u00e0 de Llobregat (Carretera de l\u2019Hospitalet \u2013 Av. de la Fama \u2013 Tirs de Molina \u2013 Av. Baix Llobregat \u2013 Enlla\u00e7 amb la C-245), Sant Boi de Llobregat, Viladecans, Gav\u00e0, Castelldefels, enlla\u00e7 amb la C -246, carretera de les Costes del Garraf.<\/p>\n<p><a href=\"https:\/\/www.rallybarcelonasitges.com\/wp-content\/uploads\/2023\/03\/rally-barcelona-sitges-motos.jpeg\"><img loading=\"lazy\" decoding=\"async\" class=\"aligncenter size-large wp-image-6113\" src=\"https:\/\/www.rallybarcelonasitges.com\/wp-content\/uploads\/2023\/03\/rally-barcelona-sitges-motos-1024x683.jpeg\" alt=\"\" width=\"640\" height=\"427\" srcset=\"https:\/\/www.rallybarcelonasitges.com\/wp-content\/uploads\/2023\/03\/rally-barcelona-sitges-motos-1024x683.jpeg 1024w, https:\/\/www.rallybarcelonasitges.com\/wp-content\/uploads\/2023\/03\/rally-barcelona-sitges-motos-600x400.jpeg 600w, https:\/\/www.rallybarcelonasitges.com\/wp-content\/uploads\/2023\/03\/rally-barcelona-sitges-motos-300x200.jpeg 300w, https:\/\/www.rallybarcelonasitges.com\/wp-content\/uploads\/2023\/03\/rally-barcelona-sitges-motos-768x512.jpeg 768w, https:\/\/www.rallybarcelonasitges.com\/wp-content\/uploads\/2023\/03\/rally-barcelona-sitges-motos-1536x1024.jpeg 1536w, https:\/\/www.rallybarcelonasitges.com\/wp-content\/uploads\/2023\/03\/rally-barcelona-sitges-motos-2048x1365.jpeg 2048w, https:\/\/www.rallybarcelonasitges.com\/wp-content\/uploads\/2023\/03\/rally-barcelona-sitges-motos-240x160.jpeg 240w, https:\/\/www.rallybarcelonasitges.com\/wp-content\/uploads\/2023\/03\/rally-barcelona-sitges-motos-750x500.jpeg 750w\" sizes=\"auto, (max-width: 640px) 100vw, 640px\" \/><\/a><\/p>\n<p>L\u2019hora d\u2019arribada aproximada dels primers vehicles a Sitges ser\u00e0 a les 12.15 hores. Accediran a la poblaci\u00f3 per la primera entrada cap al carrer de la Riera d\u2019Aiguadol\u00e7 i, d\u2019all\u00e0, aniran directament cap al centre del poble per aquesta ruta: Emerenci\u00e0 Roig i Ravent\u00f3s \u2013 Balmins \u2013 Port de n\u2019Alegre \u2013 Rafael Llopart \u2013 Sant Dami\u00e0 \u2013 Santiago Rusi\u00f1ol \u2013 Jes\u00fas \u2013 Cap de la Vila \u2013 Parellades \u2013 Marqu\u00e8s de Montroig \u2013 Pla\u00e7a Ind\u00fastria \u2013 1 de Maig \u2013 Passeig de la Ribera \u2013 Bassa Rodona \u2013 Sant Antoni \u2013 Av. Sofia i passeig de la Ribera fins a La Fragata.<\/p>\n<p>Els vehicles estaran exposats al parc tancat de La Fragata fins les 17.30 hores aproximadament.<\/p>\n<p><a href=\"https:\/\/www.rallybarcelonasitges.com\/wp-content\/uploads\/2023\/03\/rally-barcelona-sitges-2022-lilla-diagonal-3.jpg\"><img loading=\"lazy\" decoding=\"async\" class=\"aligncenter size-large wp-image-6110\" src=\"https:\/\/www.rallybarcelonasitges.com\/wp-content\/uploads\/2023\/03\/rally-barcelona-sitges-2022-lilla-diagonal-3-1024x683.jpg\" alt=\"\" width=\"640\" height=\"427\" srcset=\"https:\/\/www.rallybarcelonasitges.com\/wp-content\/uploads\/2023\/03\/rally-barcelona-sitges-2022-lilla-diagonal-3-1024x683.jpg 1024w, https:\/\/www.rallybarcelonasitges.com\/wp-content\/uploads\/2023\/03\/rally-barcelona-sitges-2022-lilla-diagonal-3-600x400.jpg 600w, https:\/\/www.rallybarcelonasitges.com\/wp-content\/uploads\/2023\/03\/rally-barcelona-sitges-2022-lilla-diagonal-3-300x200.jpg 300w, https:\/\/www.rallybarcelonasitges.com\/wp-content\/uploads\/2023\/03\/rally-barcelona-sitges-2022-lilla-diagonal-3-768x512.jpg 768w, https:\/\/www.rallybarcelonasitges.com\/wp-content\/uploads\/2023\/03\/rally-barcelona-sitges-2022-lilla-diagonal-3-240x160.jpg 240w, https:\/\/www.rallybarcelonasitges.com\/wp-content\/uploads\/2023\/03\/rally-barcelona-sitges-2022-lilla-diagonal-3-750x500.jpg 750w, https:\/\/www.rallybarcelonasitges.com\/wp-content\/uploads\/2023\/03\/rally-barcelona-sitges-2022-lilla-diagonal-3.jpg 1500w\" sizes=\"auto, (max-width: 640px) 100vw, 640px\" \/><\/a><\/p>\n<p>Personal del RACC s\u2019encarregar\u00e0 de gestionar el moviment dels vehicles i servir\u00e0 de primer servei d\u2019assist\u00e8ncia en cas d\u2019avaria.<\/p>\n<p>Com a cava oficial del Ral\u00b7li Barcelona-Sitges 2023, Pere Ventura estar\u00e0 present a tots els esdeveniments gastron\u00f2mics que se celebrin al llarg del cap de setmana, aix\u00ed com a la caravana de cotxes d\u2019\u00e8poca, amb la seva camioneta Fleur de Lys estil anys 20 i una flota de vehicles corporatius de suport.<\/p>\n","protected":false},"excerpt":{"rendered":"","protected":false},"author":2,"featured_media":6112,"comment_status":"open","ping_status":"open","sticky":false,"template":"","format":"standard","meta":{"ngg_post_thumbnail":0,"footnotes":""},"categories":[1],"tags":[],"class_list":["post-6101","post","type-post","status-publish","format-standard","has-post-thumbnail","hentry","category-general"],"translation":{"provider":"WPGlobus","version":"3.0.2","language":"fr","enabled_languages":["ca","es","en","fr","it"],"languages":{"ca":{"title":true,"content":true,"excerpt":false},"es":{"title":true,"content":true,"excerpt":false},"en":{"title":false,"content":false,"excerpt":false},"fr":{"title":false,"content":false,"excerpt":false},"it":{"title":false,"content":false,"excerpt":false}}},"yoast_head":"<!-- This site is optimized with the Yoast SEO plugin v26.6 - https:\/\/yoast.com\/wordpress\/plugins\/seo\/ -->\n<title>&#8211; Rallye international de voitures anciennes Barcelone - Sitges<\/title>\n<meta name=\"robots\" content=\"index, follow, max-snippet:-1, max-image-preview:large, max-video-preview:-1\" \/>\n<link rel=\"canonical\" href=\"https:\/\/www.rallybarcelonasitges.com\/2023\/03\/10\/el-rally-barcelona-sitges-2023-engega-aquest-cap-de-setmana\/\" \/>\n<meta property=\"og:locale\" content=\"fr_FR\" \/>\n<meta property=\"og:type\" content=\"article\" \/>\n<meta property=\"og:title\" content=\"&#8211; Rallye international de voitures anciennes Barcelone - Sitges\" \/>\n<meta property=\"og:url\" content=\"https:\/\/www.rallybarcelonasitges.com\/2023\/03\/10\/el-rally-barcelona-sitges-2023-engega-aquest-cap-de-setmana\/\" \/>\n<meta property=\"og:site_name\" content=\"Rallye international de voitures anciennes Barcelone - Sitges\" \/>\n<meta property=\"article:publisher\" content=\"https:\/\/www.facebook.com\/rallibarcelonasitges\/\" \/>\n<meta property=\"article:published_time\" content=\"2023-03-10T11:23:50+00:00\" \/>\n<meta property=\"article:modified_time\" content=\"2023-03-10T11:33:42+00:00\" \/>\n<meta property=\"og:image\" content=\"https:\/\/www.rallybarcelonasitges.com\/wp-content\/uploads\/2023\/03\/rally-barcelona-sitges-illa-diagonal.jpeg\" \/>\n\t<meta property=\"og:image:width\" content=\"800\" \/>\n\t<meta property=\"og:image:height\" content=\"533\" \/>\n\t<meta property=\"og:image:type\" content=\"image\/jpeg\" \/>\n<meta name=\"author\" content=\"Gaby Esono\" \/>\n<meta name=\"twitter:card\" content=\"summary_large_image\" \/>\n<meta name=\"twitter:creator\" content=\"@FomentSitges\" \/>\n<meta name=\"twitter:site\" content=\"@FomentSitges\" \/>\n<meta name=\"twitter:label1\" content=\"\u00c9crit par\" \/>\n\t<meta name=\"twitter:data1\" content=\"Gaby Esono\" \/>\n\t<meta name=\"twitter:label2\" content=\"Dur\u00e9e de lecture estim\u00e9e\" \/>\n\t<meta name=\"twitter:data2\" content=\"4 minutes\" \/>\n<script type=\"application\/ld+json\" class=\"yoast-schema-graph\">{\"@context\":\"https:\/\/schema.org\",\"@graph\":[{\"@type\":\"WebPage\",\"@id\":\"https:\/\/www.rallybarcelonasitges.com\/2023\/03\/10\/el-rally-barcelona-sitges-2023-engega-aquest-cap-de-setmana\/\",\"url\":\"https:\/\/www.rallybarcelonasitges.com\/2023\/03\/10\/el-rally-barcelona-sitges-2023-engega-aquest-cap-de-setmana\/\",\"name\":\"&#8211; Rallye international de voitures anciennes Barcelone - Sitges\",\"isPartOf\":{\"@id\":\"https:\/\/www.rallybarcelonasitges.com\/es\/#website\"},\"primaryImageOfPage\":{\"@id\":\"https:\/\/www.rallybarcelonasitges.com\/2023\/03\/10\/el-rally-barcelona-sitges-2023-engega-aquest-cap-de-setmana\/#primaryimage\"},\"image\":{\"@id\":\"https:\/\/www.rallybarcelonasitges.com\/2023\/03\/10\/el-rally-barcelona-sitges-2023-engega-aquest-cap-de-setmana\/#primaryimage\"},\"thumbnailUrl\":\"https:\/\/www.rallybarcelonasitges.com\/wp-content\/uploads\/2023\/03\/rally-barcelona-sitges-illa-diagonal.jpeg\",\"datePublished\":\"2023-03-10T11:23:50+00:00\",\"dateModified\":\"2023-03-10T11:33:42+00:00\",\"author\":{\"@id\":\"https:\/\/www.rallybarcelonasitges.com\/es\/#\/schema\/person\/4f4976eedb1211024f3b545b5a6beccd\"},\"description\":\"Inscripci\u00f3n de lujo para una edici\u00f3n en la que rodar\u00e1n por las Costas del Garraf casi noventa veh\u00edculos hist\u00f3ricos, incluidos varios modelos del S. XIX.\",\"breadcrumb\":{\"@id\":\"https:\/\/www.rallybarcelonasitges.com\/2023\/03\/10\/el-rally-barcelona-sitges-2023-engega-aquest-cap-de-setmana\/#breadcrumb\"},\"inLanguage\":\"fr-FR\",\"potentialAction\":[{\"@type\":\"ReadAction\",\"target\":[\"https:\/\/www.rallybarcelonasitges.com\/2023\/03\/10\/el-rally-barcelona-sitges-2023-engega-aquest-cap-de-setmana\/\"]}]},{\"@type\":\"ImageObject\",\"inLanguage\":\"fr-FR\",\"@id\":\"https:\/\/www.rallybarcelonasitges.com\/2023\/03\/10\/el-rally-barcelona-sitges-2023-engega-aquest-cap-de-setmana\/#primaryimage\",\"url\":\"https:\/\/www.rallybarcelonasitges.com\/wp-content\/uploads\/2023\/03\/rally-barcelona-sitges-illa-diagonal.jpeg\",\"contentUrl\":\"https:\/\/www.rallybarcelonasitges.com\/wp-content\/uploads\/2023\/03\/rally-barcelona-sitges-illa-diagonal.jpeg\",\"width\":800,\"height\":533},{\"@type\":\"BreadcrumbList\",\"@id\":\"https:\/\/www.rallybarcelonasitges.com\/2023\/03\/10\/el-rally-barcelona-sitges-2023-engega-aquest-cap-de-setmana\/#breadcrumb\",\"itemListElement\":[{\"@type\":\"ListItem\",\"position\":1,\"name\":\"Inici\",\"item\":\"https:\/\/www.rallybarcelonasitges.com\/es\/\"},{\"@type\":\"ListItem\",\"position\":2,\"name\":\"El Rally Barcelona-Sitges arranca este fin de semana\"}]},{\"@type\":\"WebSite\",\"@id\":\"https:\/\/www.rallybarcelonasitges.com\/es\/#website\",\"url\":\"https:\/\/www.rallybarcelonasitges.com\/es\/\",\"name\":\"{:ca}Ral\u00b7li Internacional de Cotxes d'\u00c8poca Barcelona - Sitges{:}{:es}Rally Internacional de Coches de \u00c9poca Barcelona - Sitges{:}{:en}International Vintage Car Rally Barcelona - Sitges{:}{:fr}Rallye international de voitures anciennes Barcelone - Sitges{:}{:it}Raduno internazionale di auto d'epoca Barcellona - Sitges{:}\",\"description\":\"site officiel\",\"potentialAction\":[{\"@type\":\"SearchAction\",\"target\":{\"@type\":\"EntryPoint\",\"urlTemplate\":\"https:\/\/www.rallybarcelonasitges.com\/es\/?s={search_term_string}\"},\"query-input\":{\"@type\":\"PropertyValueSpecification\",\"valueRequired\":true,\"valueName\":\"search_term_string\"}}],\"inLanguage\":\"fr-FR\"},{\"@type\":\"Person\",\"@id\":\"https:\/\/www.rallybarcelonasitges.com\/es\/#\/schema\/person\/4f4976eedb1211024f3b545b5a6beccd\",\"name\":\"Gaby Esono\",\"image\":{\"@type\":\"ImageObject\",\"inLanguage\":\"fr-FR\",\"@id\":\"https:\/\/www.rallybarcelonasitges.com\/es\/#\/schema\/person\/image\/\",\"url\":\"https:\/\/secure.gravatar.com\/avatar\/ea62ccf169c5361f98a9e78a104e893e?s=96&d=mm&r=g\",\"contentUrl\":\"https:\/\/secure.gravatar.com\/avatar\/ea62ccf169c5361f98a9e78a104e893e?s=96&d=mm&r=g\",\"caption\":\"Gaby Esono\"},\"url\":\"https:\/\/www.rallybarcelonasitges.com\/fr\/author\/gesono\/\"}]}<\/script>\n<!-- \/ Yoast SEO plugin. -->","yoast_head_json":{"title":"&#8211; Rallye international de voitures anciennes Barcelone - Sitges","robots":{"index":"index","follow":"follow","max-snippet":"max-snippet:-1","max-image-preview":"max-image-preview:large","max-video-preview":"max-video-preview:-1"},"canonical":"https:\/\/www.rallybarcelonasitges.com\/2023\/03\/10\/el-rally-barcelona-sitges-2023-engega-aquest-cap-de-setmana\/","og_locale":"fr_FR","og_type":"article","og_title":"&#8211; Rallye international de voitures anciennes Barcelone - Sitges","og_url":"https:\/\/www.rallybarcelonasitges.com\/2023\/03\/10\/el-rally-barcelona-sitges-2023-engega-aquest-cap-de-setmana\/","og_site_name":"Rallye international de voitures anciennes Barcelone - Sitges","article_publisher":"https:\/\/www.facebook.com\/rallibarcelonasitges\/","article_published_time":"2023-03-10T11:23:50+00:00","article_modified_time":"2023-03-10T11:33:42+00:00","og_image":[{"width":800,"height":533,"url":"https:\/\/www.rallybarcelonasitges.com\/wp-content\/uploads\/2023\/03\/rally-barcelona-sitges-illa-diagonal.jpeg","type":"image\/jpeg"}],"author":"Gaby Esono","twitter_card":"summary_large_image","twitter_creator":"@FomentSitges","twitter_site":"@FomentSitges","twitter_misc":{"\u00c9crit par":"Gaby Esono","Dur\u00e9e de lecture estim\u00e9e":"4 minutes"},"schema":{"@context":"https:\/\/schema.org","@graph":[{"@type":"WebPage","@id":"https:\/\/www.rallybarcelonasitges.com\/2023\/03\/10\/el-rally-barcelona-sitges-2023-engega-aquest-cap-de-setmana\/","url":"https:\/\/www.rallybarcelonasitges.com\/2023\/03\/10\/el-rally-barcelona-sitges-2023-engega-aquest-cap-de-setmana\/","name":"&#8211; Rallye international de voitures anciennes Barcelone - Sitges","isPartOf":{"@id":"https:\/\/www.rallybarcelonasitges.com\/es\/#website"},"primaryImageOfPage":{"@id":"https:\/\/www.rallybarcelonasitges.com\/2023\/03\/10\/el-rally-barcelona-sitges-2023-engega-aquest-cap-de-setmana\/#primaryimage"},"image":{"@id":"https:\/\/www.rallybarcelonasitges.com\/2023\/03\/10\/el-rally-barcelona-sitges-2023-engega-aquest-cap-de-setmana\/#primaryimage"},"thumbnailUrl":"https:\/\/www.rallybarcelonasitges.com\/wp-content\/uploads\/2023\/03\/rally-barcelona-sitges-illa-diagonal.jpeg","datePublished":"2023-03-10T11:23:50+00:00","dateModified":"2023-03-10T11:33:42+00:00","author":{"@id":"https:\/\/www.rallybarcelonasitges.com\/es\/#\/schema\/person\/4f4976eedb1211024f3b545b5a6beccd"},"description":"Inscripci\u00f3n de lujo para una edici\u00f3n en la que rodar\u00e1n por las Costas del Garraf casi noventa veh\u00edculos hist\u00f3ricos, incluidos varios modelos del S. XIX.","breadcrumb":{"@id":"https:\/\/www.rallybarcelonasitges.com\/2023\/03\/10\/el-rally-barcelona-sitges-2023-engega-aquest-cap-de-setmana\/#breadcrumb"},"inLanguage":"fr-FR","potentialAction":[{"@type":"ReadAction","target":["https:\/\/www.rallybarcelonasitges.com\/2023\/03\/10\/el-rally-barcelona-sitges-2023-engega-aquest-cap-de-setmana\/"]}]},{"@type":"ImageObject","inLanguage":"fr-FR","@id":"https:\/\/www.rallybarcelonasitges.com\/2023\/03\/10\/el-rally-barcelona-sitges-2023-engega-aquest-cap-de-setmana\/#primaryimage","url":"https:\/\/www.rallybarcelonasitges.com\/wp-content\/uploads\/2023\/03\/rally-barcelona-sitges-illa-diagonal.jpeg","contentUrl":"https:\/\/www.rallybarcelonasitges.com\/wp-content\/uploads\/2023\/03\/rally-barcelona-sitges-illa-diagonal.jpeg","width":800,"height":533},{"@type":"BreadcrumbList","@id":"https:\/\/www.rallybarcelonasitges.com\/2023\/03\/10\/el-rally-barcelona-sitges-2023-engega-aquest-cap-de-setmana\/#breadcrumb","itemListElement":[{"@type":"ListItem","position":1,"name":"Inici","item":"https:\/\/www.rallybarcelonasitges.com\/es\/"},{"@type":"ListItem","position":2,"name":"El Rally Barcelona-Sitges arranca este fin de semana"}]},{"@type":"WebSite","@id":"https:\/\/www.rallybarcelonasitges.com\/es\/#website","url":"https:\/\/www.rallybarcelonasitges.com\/es\/","name":"{:ca}Ral\u00b7li Internacional de Cotxes d'\u00c8poca Barcelona - Sitges{:}{:es}Rally Internacional de Coches de \u00c9poca Barcelona - Sitges{:}{:en}International Vintage Car Rally Barcelona - Sitges{:}{:fr}Rallye international de voitures anciennes Barcelone - Sitges{:}{:it}Raduno internazionale di auto d'epoca Barcellona - Sitges{:}","description":"site officiel","potentialAction":[{"@type":"SearchAction","target":{"@type":"EntryPoint","urlTemplate":"https:\/\/www.rallybarcelonasitges.com\/es\/?s={search_term_string}"},"query-input":{"@type":"PropertyValueSpecification","valueRequired":true,"valueName":"search_term_string"}}],"inLanguage":"fr-FR"},{"@type":"Person","@id":"https:\/\/www.rallybarcelonasitges.com\/es\/#\/schema\/person\/4f4976eedb1211024f3b545b5a6beccd","name":"Gaby Esono","image":{"@type":"ImageObject","inLanguage":"fr-FR","@id":"https:\/\/www.rallybarcelonasitges.com\/es\/#\/schema\/person\/image\/","url":"https:\/\/secure.gravatar.com\/avatar\/ea62ccf169c5361f98a9e78a104e893e?s=96&d=mm&r=g","contentUrl":"https:\/\/secure.gravatar.com\/avatar\/ea62ccf169c5361f98a9e78a104e893e?s=96&d=mm&r=g","caption":"Gaby Esono"},"url":"https:\/\/www.rallybarcelonasitges.com\/fr\/author\/gesono\/"}]}},"_links":{"self":[{"href":"https:\/\/www.rallybarcelonasitges.com\/fr\/wp-json\/wp\/v2\/posts\/6101","targetHints":{"allow":["GET"]}}],"collection":[{"href":"https:\/\/www.rallybarcelonasitges.com\/fr\/wp-json\/wp\/v2\/posts"}],"about":[{"href":"https:\/\/www.rallybarcelonasitges.com\/fr\/wp-json\/wp\/v2\/types\/post"}],"author":[{"embeddable":true,"href":"https:\/\/www.rallybarcelonasitges.com\/fr\/wp-json\/wp\/v2\/users\/2"}],"replies":[{"embeddable":true,"href":"https:\/\/www.rallybarcelonasitges.com\/fr\/wp-json\/wp\/v2\/comments?post=6101"}],"version-history":[{"count":5,"href":"https:\/\/www.rallybarcelonasitges.com\/fr\/wp-json\/wp\/v2\/posts\/6101\/revisions"}],"predecessor-version":[{"id":6118,"href":"https:\/\/www.rallybarcelonasitges.com\/fr\/wp-json\/wp\/v2\/posts\/6101\/revisions\/6118"}],"wp:featuredmedia":[{"embeddable":true,"href":"https:\/\/www.rallybarcelonasitges.com\/fr\/wp-json\/wp\/v2\/media\/6112"}],"wp:attachment":[{"href":"https:\/\/www.rallybarcelonasitges.com\/fr\/wp-json\/wp\/v2\/media?parent=6101"}],"wp:term":[{"taxonomy":"category","embeddable":true,"href":"https:\/\/www.rallybarcelonasitges.com\/fr\/wp-json\/wp\/v2\/categories?post=6101"},{"taxonomy":"post_tag","embeddable":true,"href":"https:\/\/www.rallybarcelonasitges.com\/fr\/wp-json\/wp\/v2\/tags?post=6101"}],"curies":[{"name":"wp","href":"https:\/\/api.w.org\/{rel}","templated":true}]}}